{"id":336,"date":"2026-04-19T21:32:05","date_gmt":"2026-04-19T21:32:05","guid":{"rendered":"https:\/\/glasulortodoxiei.ro\/?p=336"},"modified":"2026-04-25T12:37:57","modified_gmt":"2026-04-25T12:37:57","slug":"predica-la-sarbatoarea-sfantului-mare-mucenic-gheorghe","status":"publish","type":"post","link":"https:\/\/glasulortodoxiei.ro\/index.php\/2026\/04\/19\/predica-la-sarbatoarea-sfantului-mare-mucenic-gheorghe\/","title":{"rendered":"~Predic\u0103 la s\u0103rb\u0103toarea Sf\u00e2ntului Mare Mucenic Gheorghe"},"content":{"rendered":"\n<p><\/p>\n\n\n\n<p>Iubi\u021bi credincio\u0219i,<\/p>\n\n\n\n<p>Ast\u0103zi pr\u0103znuim pe unul dintre cei mai iubi\u021bi sfin\u021bi ai cre\u0219tin\u0103t\u0103\u021bii: Sf\u00e2ntul Mare Mucenic Gheorghe \u2013 purt\u0103torul de biruin\u021b\u0103, model de credin\u021b\u0103, curaj \u0219i m\u0103rturisire.<\/p>\n\n\n\n<p>Sf\u00e2ntul Gheorghe a tr\u0103it \u00een vremea \u00eemp\u0103ratului Diocle\u021bian, \u00eentr-o perioad\u0103 \u00een care a fi cre\u0219tin \u00eensemna a-\u021bi pune via\u021ba \u00een pericol. Era t\u00e2n\u0103r, era osta\u0219, avea rang \u00eenalt \u0219i cinste \u00een lume. Avea tot ce \u0219i-ar fi putut dori un om: slav\u0103, avere, pozi\u021bie. \u0218i totu\u0219i\u2026 a ales pe Hristos.<\/p>\n\n\n\n<p>C\u00e2nd a v\u0103zut c\u0103 \u00eemp\u0103ratul porunce\u0219te prigonirea cre\u0219tinilor, nu a t\u0103cut. Nu s-a ascuns. Nu a negociat. A ie\u0219it \u00een fa\u021b\u0103 \u0219i a m\u0103rturisit: <em>\u201e\u0218i eu sunt cre\u0219tin!\u201d<\/em><\/p>\n\n\n\n<p>Iat\u0103 prima mare lec\u021bie: <strong>credin\u021ba adev\u0103rat\u0103 nu se ascunde<\/strong>.<\/p>\n\n\n\n<p>Ast\u0103zi nu mai suntem du\u0219i \u00een arene, dar suntem ispiti\u021bi s\u0103 ne ascundem credin\u021ba:<\/p>\n\n\n\n<ul class=\"wp-block-list\">\n<li>de ru\u0219ine,<\/li>\n\n\n\n<li>de frica de ce spune lumea,<\/li>\n\n\n\n<li>din comoditate.<\/li>\n<\/ul>\n\n\n\n<p>Sf\u00e2ntul Gheorghe ne \u00eentreab\u0103: <em>Tu unde e\u0219ti c\u00e2nd vine vorba de Hristos?<\/em><\/p>\n\n\n\n<hr class=\"wp-block-separator has-alpha-channel-opacity\"\/>\n\n\n\n<p>Dar via\u021ba lui nu este doar despre m\u0103rturisire, ci \u0219i despre lupt\u0103. De aceea \u00eel vedem \u00een icoan\u0103 c\u0103lare pe cal, str\u0103pung\u00e2nd balaurul.<\/p>\n\n\n\n<p>Acest balaur nu este doar o poveste. El este chipul r\u0103ului:<\/p>\n\n\n\n<ul class=\"wp-block-list\">\n<li>p\u0103catul,<\/li>\n\n\n\n<li>frica,<\/li>\n\n\n\n<li>\u00eendoiala,<\/li>\n\n\n\n<li>patimile care ne \u021bin lega\u021bi.<\/li>\n<\/ul>\n\n\n\n<p>Fiecare dintre noi are un \u201ebalaur\u201d \u00een via\u021ba lui.<\/p>\n\n\n\n<p>Sf\u00e2ntul Gheorghe nu l-a biruit prin putere omeneasc\u0103, ci prin credin\u021b\u0103 \u00een Hristos.<\/p>\n\n\n\n<p>A doua lec\u021bie: <strong>biruin\u021ba vine prin credin\u021b\u0103 \u0219i statornicie<\/strong>.<\/p>\n\n\n\n<p>Nu exist\u0103 via\u021b\u0103 f\u0103r\u0103 lupt\u0103. Dar conteaz\u0103 <em>cu cine lup\u021bi \u0219i cum lup\u021bi<\/em>:<\/p>\n\n\n\n<ul class=\"wp-block-list\">\n<li>nu cu ur\u0103, ci cu rug\u0103ciune,<\/li>\n\n\n\n<li>nu cu disperare, ci cu n\u0103dejde,<\/li>\n\n\n\n<li>nu singur, ci cu Dumnezeu.<\/li>\n<\/ul>\n\n\n\n<hr class=\"wp-block-separator has-alpha-channel-opacity\"\/>\n\n\n\n<p>Iubi\u021bilor,<\/p>\n\n\n\n<p>Sf\u00e2ntul Gheorghe a trecut prin chinuri cumplite. A fost torturat, umilit, amenin\u021bat. I s-au promis bog\u0103\u021bii dac\u0103 renun\u021b\u0103 la credin\u021b\u0103.<\/p>\n\n\n\n<p>Dar nu a cedat.<\/p>\n\n\n\n<p>De ce?<\/p>\n\n\n\n<p>Pentru c\u0103 avea ceva mai mare dec\u00e2t via\u021ba aceasta: <strong>pe Hristos \u00een inim\u0103<\/strong>.<\/p>\n\n\n\n<p>A treia lec\u021bie: <strong>credin\u021ba nu este un cuv\u00e2nt, ci o alegere zilnic\u0103<\/strong>.<\/p>\n\n\n\n<p>Nu doar \u00een biseric\u0103, ci:<\/p>\n\n\n\n<ul class=\"wp-block-list\">\n<li>acas\u0103,<\/li>\n\n\n\n<li>\u00een familie,<\/li>\n\n\n\n<li>\u00een necaz,<\/li>\n\n\n\n<li>\u00een boal\u0103,<\/li>\n\n\n\n<li>\u00een ispite.<\/li>\n<\/ul>\n\n\n\n<hr class=\"wp-block-separator has-alpha-channel-opacity\"\/>\n\n\n\n<p>Iar la final, Sf\u00e2ntul Gheorghe a primit moarte muceniceasc\u0103. \u0218i totu\u0219i, Biserica \u00eel nume\u0219te \u201epurt\u0103tor de biruin\u021b\u0103\u201d.<\/p>\n\n\n\n<p>Cum adic\u0103 biruin\u021b\u0103, dac\u0103 a murit?<\/p>\n\n\n\n<p>Pentru c\u0103 \u00een Hristos, moartea nu este sf\u00e2r\u0219it, ci \u00eenceput.<\/p>\n\n\n\n<p>Aceasta este cea mai mare veste: <strong>adev\u0103rata biruin\u021b\u0103 nu este s\u0103 tr\u0103ie\u0219ti mult, ci s\u0103 tr\u0103ie\u0219ti cu Dumnezeu<\/strong>.<\/p>\n\n\n\n<hr class=\"wp-block-separator has-alpha-channel-opacity\"\/>\n\n\n\n<p>Iubi\u021bi credincio\u0219i,<\/p>\n\n\n\n<p>Ce ne cere nou\u0103 ast\u0103zi Sf\u00e2ntul Gheorghe?<\/p>\n\n\n\n<p>Nu s\u0103 murim pentru credin\u021b\u0103\u2026 ci s\u0103 <strong>tr\u0103im pentru ea<\/strong>.<\/p>\n\n\n\n<p>S\u0103 avem:<\/p>\n\n\n\n<ul class=\"wp-block-list\">\n<li>curaj \u00een m\u0103rturisire,<\/li>\n\n\n\n<li>r\u0103bdare \u00een \u00eencerc\u0103ri,<\/li>\n\n\n\n<li>statornicie \u00een rug\u0103ciune,<\/li>\n\n\n\n<li>dragoste fa\u021b\u0103 de Dumnezeu \u0219i oameni.<\/li>\n<\/ul>\n\n\n\n<p>\u0218i mai ales, s\u0103 nu uit\u0103m: fiecare zi este o lupt\u0103, dar \u0219i o \u0219ans\u0103 de biruin\u021b\u0103.<\/p>\n\n\n\n<hr class=\"wp-block-separator has-alpha-channel-opacity\"\/>\n\n\n\n<p><strong>\u00cendemn pentru final<\/strong><\/p>\n\n\n\n<p>S\u0103 ne \u00eentreb\u0103m fiecare:<\/p>\n\n\n\n<ul class=\"wp-block-list\">\n<li>Care este balaurul meu?<\/li>\n\n\n\n<li>Unde m\u0103 lep\u0103d eu de Hristos, chiar \u0219i \u00een lucruri mici?<\/li>\n\n\n\n<li>Ce pot schimba de azi?<\/li>\n<\/ul>\n\n\n\n<p>S\u0103 cerem ajutorul Sf\u00e2ntului Gheorghe:<br><em>\u201eSfinte Mare Mucenice Gheorghe, roag\u0103-te lui Dumnezeu pentru noi, ca s\u0103 ne \u00eent\u0103reasc\u0103 \u00een credin\u021b\u0103 \u0219i s\u0103 ne d\u0103ruiasc\u0103 biruin\u021b\u0103 asupra p\u0103catului.\u201d<\/em><\/p>\n\n\n\n<p>Amin.<\/p>\n","protected":false},"excerpt":{"rendered":"<p>Iubi\u021bi credincio\u0219i, Ast\u0103zi pr\u0103znuim pe unul dintre cei mai iubi\u021bi sfin\u021bi ai cre\u0219tin\u0103t\u0103\u021bii: Sf\u00e2ntul Mare Mucenic Gheorghe \u2013 purt\u0103torul de biruin\u021b\u0103, model de credin\u021b\u0103, curaj \u0219i m\u0103rturisire. Sf\u00e2ntul Gheorghe a tr\u0103it \u00een vremea \u00eemp\u0103ratului Diocle\u021bian, \u00eentr-o perioad\u0103 \u00een care a fi cre\u0219tin \u00eensemna a-\u021bi pune via\u021ba \u00een pericol. Era t\u00e2n\u0103r, era osta\u0219, avea rang \u00eenalt &hellip; <a href=\"https:\/\/glasulortodoxiei.ro\/index.php\/2026\/04\/19\/predica-la-sarbatoarea-sfantului-mare-mucenic-gheorghe\/\" class=\"more-link\">Continu\u0103 s\u0103 cite\u0219ti <span class=\"screen-reader-text\">~Predic\u0103 la s\u0103rb\u0103toarea Sf\u00e2ntului Mare Mucenic Gheorghe<\/span><\/a><\/p>\n","protected":false},"author":1,"featured_media":0,"comment_status":"closed","ping_status":"closed","sticky":false,"template":"","format":"standard","meta":{"footnotes":""},"categories":[3],"tags":[],"class_list":["post-336","post","type-post","status-publish","format-standard","hentry","category-articole"],"_links":{"self":[{"href":"https:\/\/glasulortodoxiei.ro\/index.php\/wp-json\/wp\/v2\/posts\/336","targetHints":{"allow":["GET"]}}],"collection":[{"href":"https:\/\/glasulortodoxiei.ro\/index.php\/wp-json\/wp\/v2\/posts"}],"about":[{"href":"https:\/\/glasulortodoxiei.ro\/index.php\/wp-json\/wp\/v2\/types\/post"}],"author":[{"embeddable":true,"href":"https:\/\/glasulortodoxiei.ro\/index.php\/wp-json\/wp\/v2\/users\/1"}],"replies":[{"embeddable":true,"href":"https:\/\/glasulortodoxiei.ro\/index.php\/wp-json\/wp\/v2\/comments?post=336"}],"version-history":[{"count":2,"href":"https:\/\/glasulortodoxiei.ro\/index.php\/wp-json\/wp\/v2\/posts\/336\/revisions"}],"predecessor-version":[{"id":460,"href":"https:\/\/glasulortodoxiei.ro\/index.php\/wp-json\/wp\/v2\/posts\/336\/revisions\/460"}],"wp:attachment":[{"href":"https:\/\/glasulortodoxiei.ro\/index.php\/wp-json\/wp\/v2\/media?parent=336"}],"wp:term":[{"taxonomy":"category","embeddable":true,"href":"https:\/\/glasulortodoxiei.ro\/index.php\/wp-json\/wp\/v2\/categories?post=336"},{"taxonomy":"post_tag","embeddable":true,"href":"https:\/\/glasulortodoxiei.ro\/index.php\/wp-json\/wp\/v2\/tags?post=336"}],"curies":[{"name":"wp","href":"https:\/\/api.w.org\/{rel}","templated":true}]}}