{"id":331,"date":"2026-04-19T20:38:26","date_gmt":"2026-04-19T20:38:26","guid":{"rendered":"https:\/\/glasulortodoxiei.ro\/?p=331"},"modified":"2026-04-25T12:38:08","modified_gmt":"2026-04-25T12:38:08","slug":"predica-la-duminica-tomei","status":"publish","type":"post","link":"https:\/\/glasulortodoxiei.ro\/index.php\/2026\/04\/19\/predica-la-duminica-tomei\/","title":{"rendered":"~Predic\u0103 \u2013 Duminica Tomii (a Sf\u00e2ntului Apostol Toma)"},"content":{"rendered":"\n<p>Iubi\u021bi credincio\u0219i,<\/p>\n\n\n\n<p>Duminica de ast\u0103zi, prima dup\u0103 marele praznic al \u00cenvierii, este numit\u0103 Duminica Tomii, dup\u0103 numele Apostolul Toma. Este o zi cu un mesaj foarte profund, pentru c\u0103 vorbe\u0219te despre \u00eendoial\u0103, c\u0103utare \u0219i credin\u021b\u0103 adev\u0103rat\u0103.<\/p>\n\n\n\n<p>Evanghelia ne arat\u0103 c\u0103, atunci c\u00e2nd Iisus Hristos S-a ar\u0103tat ucenicilor dup\u0103 \u00cenviere, Toma nu era de fa\u021b\u0103. Iar c\u00e2nd ceilal\u021bi i-au spus: \u201eAm v\u0103zut pe Domnul!\u201d, el a r\u0103spuns cu o sinceritate dezarmant\u0103:<br>\u201eDac\u0103 nu voi vedea semnul cuielor \u00een m\u00e2inile Lui \u0219i nu voi pune degetul meu \u00een semnul cuielor, nu voi crede.\u201d<\/p>\n\n\n\n<p>Nu era necredin\u021b\u0103 din r\u0103utate. Era o dorin\u021b\u0103 profund\u0103 de certitudine, o sete de adev\u0103r.<\/p>\n\n\n\n<p>Dup\u0103 opt zile, M\u00e2ntuitorul vine din nou, de data aceasta \u0219i pentru Toma. Nu-l ceart\u0103. Nu-l respinge. Ci \u00eei ofer\u0103 exact ceea ce ceruse. \u00cei spune:<br>\u201eAdu degetul t\u0103u \u00eencoace \u0219i vezi m\u00e2inile Mele\u2026 \u0219i nu fi necredincios, ci credincios.\u201d<\/p>\n\n\n\n<p>Atunci, Toma roste\u0219te una dintre cele mai puternice m\u0103rturisiri din Evanghelie:<br>\u201eDomnul meu \u0219i Dumnezeul meu!\u201d<\/p>\n\n\n\n<hr class=\"wp-block-separator has-alpha-channel-opacity\"\/>\n\n\n\n<ol class=\"wp-block-list\">\n<li>\u00cendoiala \u2013 \u00eenceputul credin\u021bei adev\u0103rate<\/li>\n<\/ol>\n\n\n\n<p>Mul\u021bi se gr\u0103besc s\u0103-l judece pe Toma. Dar dac\u0103 suntem sinceri, fiecare dintre noi are \u00een inim\u0103 momente de \u00eendoial\u0103:<\/p>\n\n\n\n<p>c\u00e2nd ne rug\u0103m \u0219i nu primim r\u0103spuns imediat<\/p>\n\n\n\n<p>c\u00e2nd trecem prin suferin\u021b\u0103<\/p>\n\n\n\n<p>c\u00e2nd vedem nedrept\u0103\u021bi \u00een lume<\/p>\n\n\n\n<p>c\u00e2nd credin\u021ba pare doar o tradi\u021bie, nu o tr\u0103ire vie<\/p>\n\n\n\n<p>Toma ne \u00eenva\u021b\u0103 c\u0103 \u00eendoiala nu este un p\u0103cat \u00een sine, dac\u0103 ea duce la c\u0103utare. Periculos este s\u0103 r\u0103m\u00e2i \u00een \u00eendoial\u0103 \u0219i s\u0103 nu mai cau\u021bi.<\/p>\n\n\n\n<p>Credin\u021ba nu este o simpl\u0103 acceptare oarb\u0103. Este o \u00eent\u00e2lnire personal\u0103 cu Hristos.<\/p>\n\n\n\n<hr class=\"wp-block-separator has-alpha-channel-opacity\"\/>\n\n\n\n<ol start=\"2\" class=\"wp-block-list\">\n<li>Hristos vine \u0219i pentru cel care se \u00eendoie\u0219te<\/li>\n<\/ol>\n\n\n\n<p>Observa\u021bi un lucru esen\u021bial:<br>Hristos nu \u00eel evit\u0103 pe Toma. Nu spune: \u201eNu meri\u021bi s\u0103 M\u0103 vezi.\u201d<\/p>\n\n\n\n<p>Din contr\u0103, vine special pentru el.<\/p>\n\n\n\n<p>Asta ne arat\u0103 c\u0103:<\/p>\n\n\n\n<p>Dumnezeu nu fuge de \u00eentreb\u0103rile noastre<\/p>\n\n\n\n<p>nu se teme de fr\u0103m\u00e2nt\u0103rile noastre<\/p>\n\n\n\n<p>nu ne respinge pentru sl\u0103biciunile noastre<\/p>\n\n\n\n<p>Ci vine spre noi exact acolo unde suntem.<\/p>\n\n\n\n<p>Important este s\u0103 fim ca Toma: sinceri, nu f\u0103\u021barnici.<\/p>\n\n\n\n<hr class=\"wp-block-separator has-alpha-channel-opacity\"\/>\n\n\n\n<ol start=\"3\" class=\"wp-block-list\">\n<li>\u201eFerici\u021bi cei ce n-au v\u0103zut \u0219i au crezut\u201d<\/li>\n<\/ol>\n\n\n\n<p>Dup\u0103 m\u0103rturisirea lui Toma, M\u00e2ntuitorul roste\u0219te un cuv\u00e2nt care ne prive\u0219te direct pe noi:<\/p>\n\n\n\n<p>\u201ePentru c\u0103 M-ai v\u0103zut, ai crezut. Ferici\u021bi cei ce n-au v\u0103zut \u0219i au crezut.\u201d<\/p>\n\n\n\n<p>Aceasta este credin\u021ba noastr\u0103:<\/p>\n\n\n\n<p>noi nu am fost \u00een foi\u0219or<\/p>\n\n\n\n<p>nu am atins r\u0103nile<\/p>\n\n\n\n<p>nu L-am v\u0103zut cu ochii trupe\u0219ti<\/p>\n\n\n\n<p>\u0218i totu\u0219i credem.<\/p>\n\n\n\n<p>Dar aten\u021bie: nu credem f\u0103r\u0103 temei.<br>Credem pentru c\u0103:<\/p>\n\n\n\n<p>exist\u0103 m\u0103rturia Apostolilor<\/p>\n\n\n\n<p>exist\u0103 experien\u021ba Bisericii de 2000 de ani<\/p>\n\n\n\n<p>exist\u0103 lucrarea lui Dumnezeu \u00een via\u021ba noastr\u0103<\/p>\n\n\n\n<p>Credin\u021ba noastr\u0103 este o \u00eencredere vie, nu o iluzie.<\/p>\n\n\n\n<hr class=\"wp-block-separator has-alpha-channel-opacity\"\/>\n\n\n\n<ol start=\"4\" class=\"wp-block-list\">\n<li>Unde \u00cel \u00eent\u00e2lnim noi pe Hristos?<\/li>\n<\/ol>\n\n\n\n<p>Toma L-a \u00eent\u00e2lnit pe Hristos \u00een mijlocul comunit\u0103\u021bii, \u00eentre ucenici.<\/p>\n\n\n\n<p>\u0218i noi \u00cel \u00eent\u00e2lnim:<\/p>\n\n\n\n<p>\u00een Sf\u00e2nta Biseric\u0103<\/p>\n\n\n\n<p>\u00een Sf\u00e2nta Liturghie<\/p>\n\n\n\n<p>\u00een rug\u0103ciune<\/p>\n\n\n\n<p>\u00een Sfintele Taine<\/p>\n\n\n\n<p>\u00een aproapele nostru<\/p>\n\n\n\n<p>Dac\u0103 st\u0103m departe de acestea, credin\u021ba sl\u0103be\u0219te.<br>Dac\u0103 ne apropiem, credin\u021ba se \u00eent\u0103re\u0219te.<\/p>\n\n\n\n<hr class=\"wp-block-separator has-alpha-channel-opacity\"\/>\n\n\n\n<ol start=\"5\" class=\"wp-block-list\">\n<li>De la \u00eendoial\u0103 la m\u0103rturisire<\/li>\n<\/ol>\n\n\n\n<p>Toma a plecat de la \u00eendoial\u0103 \u0219i a ajuns la cea mai \u00eenalt\u0103 m\u0103rturisire:<br>\u201eDomnul meu \u0219i Dumnezeul meu!\u201d<\/p>\n\n\n\n<p>Aceasta este chemarea fiec\u0103ruia dintre noi:<\/p>\n\n\n\n<p>s\u0103 nu r\u0103m\u00e2nem la nivelul \u00eentreb\u0103rilor<\/p>\n\n\n\n<p>s\u0103 nu tr\u0103im superficial<\/p>\n\n\n\n<p>ci s\u0103 ajungem la o credin\u021b\u0103 personal\u0103, profund\u0103<\/p>\n\n\n\n<hr class=\"wp-block-separator has-alpha-channel-opacity\"\/>\n\n\n\n<p>Concluzie \u2013 \u00cendemn<\/p>\n\n\n\n<p>Iubi\u021bi credincio\u0219i,<\/p>\n\n\n\n<p>Duminica Tomii ne spune clar:<br>Nu este ru\u0219ine s\u0103 te \u00eendoie\u0219ti\u2026<br>Dar este o pierdere s\u0103 nu cau\u021bi.<\/p>\n\n\n\n<p>Dac\u0103 ai \u00eentreb\u0103ri \u2013 caut\u0103!<br>Dac\u0103 ai sl\u0103biciuni \u2013 roag\u0103-te!<br>Dac\u0103 ai c\u0103deri \u2013 ridic\u0103-te!<\/p>\n\n\n\n<p>Hristos vine \u0219i pentru tine, a\u0219a cum a venit pentru Toma.<\/p>\n\n\n\n<p>S\u0103-I spunem \u0219i noi, din toat\u0103 inima, nu doar cu buzele:<br>\u201eDomnul meu \u0219i Dumnezeul meu!\u201d<\/p>\n\n\n\n<p>Amin.<\/p>\n","protected":false},"excerpt":{"rendered":"<p>Iubi\u021bi credincio\u0219i, Duminica de ast\u0103zi, prima dup\u0103 marele praznic al \u00cenvierii, este numit\u0103 Duminica Tomii, dup\u0103 numele Apostolul Toma. Este o zi cu un mesaj foarte profund, pentru c\u0103 vorbe\u0219te despre \u00eendoial\u0103, c\u0103utare \u0219i credin\u021b\u0103 adev\u0103rat\u0103. Evanghelia ne arat\u0103 c\u0103, atunci c\u00e2nd Iisus Hristos S-a ar\u0103tat ucenicilor dup\u0103 \u00cenviere, Toma nu era de fa\u021b\u0103. Iar &hellip; <a href=\"https:\/\/glasulortodoxiei.ro\/index.php\/2026\/04\/19\/predica-la-duminica-tomei\/\" class=\"more-link\">Continu\u0103 s\u0103 cite\u0219ti <span class=\"screen-reader-text\">~Predic\u0103 \u2013 Duminica Tomii (a Sf\u00e2ntului Apostol Toma)<\/span><\/a><\/p>\n","protected":false},"author":1,"featured_media":0,"comment_status":"closed","ping_status":"closed","sticky":false,"template":"","format":"standard","meta":{"footnotes":""},"categories":[3],"tags":[],"class_list":["post-331","post","type-post","status-publish","format-standard","hentry","category-articole"],"_links":{"self":[{"href":"https:\/\/glasulortodoxiei.ro\/index.php\/wp-json\/wp\/v2\/posts\/331","targetHints":{"allow":["GET"]}}],"collection":[{"href":"https:\/\/glasulortodoxiei.ro\/index.php\/wp-json\/wp\/v2\/posts"}],"about":[{"href":"https:\/\/glasulortodoxiei.ro\/index.php\/wp-json\/wp\/v2\/types\/post"}],"author":[{"embeddable":true,"href":"https:\/\/glasulortodoxiei.ro\/index.php\/wp-json\/wp\/v2\/users\/1"}],"replies":[{"embeddable":true,"href":"https:\/\/glasulortodoxiei.ro\/index.php\/wp-json\/wp\/v2\/comments?post=331"}],"version-history":[{"count":4,"href":"https:\/\/glasulortodoxiei.ro\/index.php\/wp-json\/wp\/v2\/posts\/331\/revisions"}],"predecessor-version":[{"id":461,"href":"https:\/\/glasulortodoxiei.ro\/index.php\/wp-json\/wp\/v2\/posts\/331\/revisions\/461"}],"wp:attachment":[{"href":"https:\/\/glasulortodoxiei.ro\/index.php\/wp-json\/wp\/v2\/media?parent=331"}],"wp:term":[{"taxonomy":"category","embeddable":true,"href":"https:\/\/glasulortodoxiei.ro\/index.php\/wp-json\/wp\/v2\/categories?post=331"},{"taxonomy":"post_tag","embeddable":true,"href":"https:\/\/glasulortodoxiei.ro\/index.php\/wp-json\/wp\/v2\/tags?post=331"}],"curies":[{"name":"wp","href":"https:\/\/api.w.org\/{rel}","templated":true}]}}